{"id":44974,"date":"2012-11-11T02:49:37","date_gmt":"2012-11-11T02:49:37","guid":{"rendered":"http:\/\/www.gerarduzcategui.com.ve\/?p=44974"},"modified":"2016-03-26T00:31:56","modified_gmt":"2016-03-26T00:31:56","slug":"gerard-uzcategui-gano-en-los-chorts","status":"publish","type":"post","link":"https:\/\/www.gerarduzcategui.com\/es\/2012\/11\/11\/gerard-uzcategui-gano-en-los-chorts\/","title":{"rendered":"Gerard Uzc\u00e1tegui gan\u00f3 en los Chorts"},"content":{"rendered":"<p>[vc_row][vc_column width=\u00bb1\/1&#8243;][vc_column_text css_animation=\u00bbalpha-anim\u00bb animation_speed=\u00bb1000&#8243; animation_delay=\u00bb500&#8243;]<\/p>\n<h2>Gerard Uzc\u00e1tegui gan\u00f3 en los Chorts<\/h2>\n<h4>EL UNIVERSAL<\/h4>\n<p>Prakriti Maduro, Marit\u00e9 Ug\u00e1s y Jos\u00e9 Pisano fueron los encargados de seleccionar los cortometrajes ganadores de la cuarta edici\u00f3n del Festival Internacional de Cortos Caracas Chorts.<\/p>\n<p>El premio m\u00e1ximo nacional recay\u00f3 en manos de Gerard Uzc\u00e1tegui por su obra\u00a0<i>La noche anuncia la aurora<\/i>, que narra la historia de una mujer que hace su hogar en un palafito en el delta del r\u00edo Catatumbo y que, al enfrentarse con la muerte de su esposo, surca los cauces de la soledad, conviviendo con sus pensamientos y sus sue\u00f1os.<\/p>\n<p>Uzc\u00e1tegui tambi\u00e9n obtuvo en IV Festival Internacional de Cortos Caracas Chorts el premio a la Mejor Direcci\u00f3n y Mejor Fotograf\u00eda. Adicionalmente tambi\u00e9n gan\u00f3 los galardones a la Mejor Producci\u00f3n (Patricia Fonseca), Mejor M\u00fasica (Nascuy Linares) y el importante Premio del P\u00fablico. El principal galard\u00f3n en los cortometrajes extranjeros le correspondi\u00f3 a\u00a0<i>Apnea<\/i>\u00a0de Chile, dirigido por Jeremy Hatcher y escrito por el propio Hatcher y Mat\u00edas Schmidt. Adem\u00e1s, se otorg\u00f3 una menci\u00f3n honor\u00edfica a\u00a0<i>Funny web cams<\/i>, de Espa\u00f1a, que fue dirigida, seg\u00fan el jurado, con creatividad por N\u00e9stor Fern\u00e1ndez.<\/p>\n<p>&nbsp;<\/p>\n<h3><a href=\"http:\/\/www.eluniversal.com\/que-hay\/121111\/gerard-uzcategui-gano-en-los-chorts\">Leer nota completa<\/a><\/h3>\n<p>[\/vc_column_text][\/vc_column][\/vc_row]<\/p>\n","protected":false},"excerpt":{"rendered":"<p>[vc_row][vc_column width=\u00bb1\/1&#8243;][vc_column_text css_animation=\u00bbalpha-anim\u00bb animation_speed=\u00bb1000&#8243; animation_delay=\u00bb500&#8243;] Gerard Uzc\u00e1tegui gan\u00f3 en los Chorts EL UNIVERSAL Prakriti Maduro, Marit\u00e9 Ug\u00e1s y Jos\u00e9 Pisano [&hellip;]<\/p>\n","protected":false},"author":1,"featured_media":44831,"comment_status":"open","ping_status":"open","sticky":false,"template":"","format":"standard","meta":{"footnotes":""},"categories":[73,74,75],"tags":[],"jetpack_sharing_enabled":true,"jetpack_featured_media_url":"https:\/\/i0.wp.com\/www.gerarduzcategui.com\/wp-content\/uploads\/2016\/01\/La-Noche_0486.jpg?fit=1000%2C586&ssl=1","_links":{"self":[{"href":"https:\/\/www.gerarduzcategui.com\/es\/wp-json\/wp\/v2\/posts\/44974"}],"collection":[{"href":"https:\/\/www.gerarduzcategui.com\/es\/wp-json\/wp\/v2\/posts"}],"about":[{"href":"https:\/\/www.gerarduzcategui.com\/es\/wp-json\/wp\/v2\/types\/post"}],"author":[{"embeddable":true,"href":"https:\/\/www.gerarduzcategui.com\/es\/wp-json\/wp\/v2\/users\/1"}],"replies":[{"embeddable":true,"href":"https:\/\/www.gerarduzcategui.com\/es\/wp-json\/wp\/v2\/comments?post=44974"}],"version-history":[{"count":4,"href":"https:\/\/www.gerarduzcategui.com\/es\/wp-json\/wp\/v2\/posts\/44974\/revisions"}],"predecessor-version":[{"id":44978,"href":"https:\/\/www.gerarduzcategui.com\/es\/wp-json\/wp\/v2\/posts\/44974\/revisions\/44978"}],"wp:featuredmedia":[{"embeddable":true,"href":"https:\/\/www.gerarduzcategui.com\/es\/wp-json\/wp\/v2\/media\/44831"}],"wp:attachment":[{"href":"https:\/\/www.gerarduzcategui.com\/es\/wp-json\/wp\/v2\/media?parent=44974"}],"wp:term":[{"taxonomy":"category","embeddable":true,"href":"https:\/\/www.gerarduzcategui.com\/es\/wp-json\/wp\/v2\/categories?post=44974"},{"taxonomy":"post_tag","embeddable":true,"href":"https:\/\/www.gerarduzcategui.com\/es\/wp-json\/wp\/v2\/tags?post=44974"}],"curies":[{"name":"wp","href":"https:\/\/api.w.org\/{rel}","templated":true}]}}